{"id":12613,"date":"2024-04-05T10:36:09","date_gmt":"2024-04-05T08:36:09","guid":{"rendered":"https:\/\/egd.no\/?p=12613"},"modified":"2024-04-05T10:46:55","modified_gmt":"2024-04-05T08:46:55","slug":"na-eier-de-endelig-gigantprosjektet","status":"publish","type":"post","link":"https:\/\/egd.no\/en\/na-eier-de-endelig-gigantprosjektet\/","title":{"rendered":"N\u00e5 eier de endelig gigantprosjektet"},"content":{"rendered":"\t\t<div data-elementor-type=\"wp-post\" data-elementor-id=\"12613\" class=\"elementor elementor-12613\">\n\t\t\t\t\t\t<section class=\"elementor-section elementor-top-section elementor-element elementor-element-7245dd5 elementor-section-boxed elementor-section-height-default elementor-section-height-default qodef-elementor-content-no\" data-id=\"7245dd5\" data-element_type=\"section\" data-e-type=\"section\">\n\t\t\t\t\t\t<div class=\"elementor-container elementor-column-gap-default\">\n\t\t\t\t\t<div class=\"elementor-column elementor-col-100 elementor-top-column elementor-element elementor-element-ae73e1a\" data-id=\"ae73e1a\" data-element_type=\"column\" data-e-type=\"column\">\n\t\t\t<div class=\"elementor-widget-wrap elementor-element-populated\">\n\t\t\t\t\t\t<div class=\"elementor-element elementor-element-c185f63 elementor-widget elementor-widget-text-editor\" data-id=\"c185f63\" data-element_type=\"widget\" data-e-type=\"widget\" data-widget_type=\"text-editor.default\">\n\t\t\t\t<div class=\"elementor-widget-container\">\n\t\t\t\t\t\t\t\t\t<blockquote><p style=\"text-align: center;\">Kulturkvartalet p\u00e5 verftet \u00f8nsker \u00e5 bli best i klassen. M\u00e5let er \u00e5 starte bygging i 2025.<\/p><\/blockquote><p>\u2013 Dette er en veldig spesiell dag, en historisk dag. Vi startet en lang og krokete prosess for fem \u00e5r siden, og endelig har vi samlet oss her p\u00e5 Verftet med kjempegode partnere. Det er n\u00e5 arbeidet starter, proklamerer Elisabeth Halvorsen, styreleder i Stiftelsen Kulturhuset USF.<\/p>\t\t\t\t\t\t\t\t<\/div>\n\t\t\t\t<\/div>\n\t\t\t\t\t<\/div>\n\t\t<\/div>\n\t\t\t\t\t<\/div>\n\t\t<\/section>\n\t\t\t\t<section class=\"elementor-section elementor-top-section elementor-element elementor-element-908f2eb elementor-section-boxed elementor-section-height-default elementor-section-height-default qodef-elementor-content-no\" data-id=\"908f2eb\" data-element_type=\"section\" data-e-type=\"section\">\n\t\t\t\t\t\t<div class=\"elementor-container elementor-column-gap-default\">\n\t\t\t\t\t<div class=\"elementor-column elementor-col-100 elementor-top-column elementor-element elementor-element-8f3e45b\" data-id=\"8f3e45b\" data-element_type=\"column\" data-e-type=\"column\">\n\t\t\t<div class=\"elementor-widget-wrap elementor-element-populated\">\n\t\t\t\t\t\t<div class=\"elementor-element elementor-element-12cd166 elementor-arrows-position-inside elementor-widget elementor-widget-image-carousel\" data-id=\"12cd166\" data-element_type=\"widget\" data-e-type=\"widget\" data-settings=\"{&quot;slides_to_show&quot;:&quot;1&quot;,&quot;navigation&quot;:&quot;arrows&quot;,&quot;autoplay&quot;:&quot;yes&quot;,&quot;pause_on_hover&quot;:&quot;yes&quot;,&quot;pause_on_interaction&quot;:&quot;yes&quot;,&quot;autoplay_speed&quot;:5000,&quot;infinite&quot;:&quot;yes&quot;,&quot;effect&quot;:&quot;slide&quot;,&quot;speed&quot;:500}\" data-widget_type=\"image-carousel.default\">\n\t\t\t\t<div class=\"elementor-widget-container\">\n\t\t\t\t\t\t\t<div class=\"elementor-image-carousel-wrapper swiper\" role=\"region\" aria-roledescription=\"carousel\" aria-label=\"Bildekarusell\" dir=\"ltr\">\n\t\t\t<div class=\"elementor-image-carousel swiper-wrapper\" aria-live=\"off\">\n\t\t\t\t\t\t\t\t<div class=\"swiper-slide\" role=\"group\" aria-roledescription=\"slide\" aria-label=\"1 av 4\"><figure class=\"swiper-slide-inner\"><img decoding=\"async\" class=\"swiper-slide-image\" src=\"https:\/\/egd.no\/cm\/wp-content\/uploads\/elementor\/thumbs\/USF-qm7vd6qm3qosmistvavap4i11b76hefe04vmhydnqo.jpeg\" alt=\"USF\" \/><\/figure><\/div><div class=\"swiper-slide\" role=\"group\" aria-roledescription=\"slide\" aria-label=\"2 av 4\"><figure class=\"swiper-slide-inner\"><img decoding=\"async\" class=\"swiper-slide-image\" src=\"https:\/\/egd.no\/cm\/wp-content\/uploads\/elementor\/thumbs\/Skjermbilde-2024-04-04-kl.-14.35.54-qm7vcgf4sdorlfv24zhqrb54eiswhviwkim127gokw.png\" alt=\"Skjermbilde 2024-04-04 kl. 14.35.54\" \/><\/figure><\/div><div class=\"swiper-slide\" role=\"group\" aria-roledescription=\"slide\" aria-label=\"3 av 4\"><figure class=\"swiper-slide-inner\"><img decoding=\"async\" class=\"swiper-slide-image\" src=\"https:\/\/egd.no\/cm\/wp-content\/uploads\/elementor\/thumbs\/Skjermbilde-2024-04-04-kl.-14.35.45-qm7vc2bjxv5grafjfbec7wp7hqqeaeyxiktqv21l68.png\" alt=\"Skjermbilde 2024-04-04 kl. 14.35.45\" \/><\/figure><\/div><div class=\"swiper-slide\" role=\"group\" aria-roledescription=\"slide\" aria-label=\"4 av 4\"><figure class=\"swiper-slide-inner\"><img decoding=\"async\" class=\"swiper-slide-image\" src=\"https:\/\/egd.no\/cm\/wp-content\/uploads\/elementor\/thumbs\/4-qm7vbyk76j0bgul019rtxxnd478xfmk0627sxy75v4.jpg\" alt=\"verftet fra luften\" \/><\/figure><\/div>\t\t\t<\/div>\n\t\t\t\t\t\t\t\t\t\t\t\t<div class=\"elementor-swiper-button elementor-swiper-button-prev\" role=\"button\" tabindex=\"0\">\n\t\t\t\t\t\t<i aria-hidden=\"true\" class=\"eicon-chevron-left\"><\/i>\t\t\t\t\t<\/div>\n\t\t\t\t\t<div class=\"elementor-swiper-button elementor-swiper-button-next\" role=\"button\" tabindex=\"0\">\n\t\t\t\t\t\t<i aria-hidden=\"true\" class=\"eicon-chevron-right\"><\/i>\t\t\t\t\t<\/div>\n\t\t\t\t\n\t\t\t\t\t\t\t\t\t<\/div>\n\t\t\t\t\t\t<\/div>\n\t\t\t\t<\/div>\n\t\t\t\t\t<\/div>\n\t\t<\/div>\n\t\t\t\t\t<\/div>\n\t\t<\/section>\n\t\t\t\t<section class=\"elementor-section elementor-top-section elementor-element elementor-element-81ce066 elementor-section-boxed elementor-section-height-default elementor-section-height-default qodef-elementor-content-no\" data-id=\"81ce066\" data-element_type=\"section\" data-e-type=\"section\">\n\t\t\t\t\t\t<div class=\"elementor-container elementor-column-gap-default\">\n\t\t\t\t\t<div class=\"elementor-column elementor-col-100 elementor-top-column elementor-element elementor-element-63f90dc\" data-id=\"63f90dc\" data-element_type=\"column\" data-e-type=\"column\">\n\t\t\t<div class=\"elementor-widget-wrap elementor-element-populated\">\n\t\t\t\t\t\t<div class=\"elementor-element elementor-element-ecf7cc4 elementor-widget elementor-widget-text-editor\" data-id=\"ecf7cc4\" data-element_type=\"widget\" data-e-type=\"widget\" data-widget_type=\"text-editor.default\">\n\t\t\t\t<div class=\"elementor-widget-container\">\n\t\t\t\t\t\t\t\t\t<p style=\"font-weight: 400;\"><strong>650 meter kaifront<\/strong><\/p><p style=\"font-weight: 400;\">Tirsdag var det en spesiell markering p\u00e5 USF Verftet. Bakgrunnen var vedtaket Bystyret gjorde f\u00f8r sommeren i fjor, om \u00e5 realisere og finansiere Kulturkvartalet Verftet.<\/p><p>Dette blir i praksis en sammenkobling av Kulturhuset USF og industribyggene p\u00e5 Kj\u00f8detomten.<\/p><p>Det er snakk om 17.000 kvadratmeter kulturflate og mye utend\u00f8rsareal, inkludert en kaifront p\u00e5 650 meter.<\/p><p>Har skal det bli storkonserter for 3500 publikummere, sceneoppsetninger, kunstutstillinger, servering, kulturarbeidsplasser og mye mer.<\/p><p>\u00a0<\/p><p><a href=\"https:\/\/www.bt.no\/kultur\/i\/XbGoar\/kulturkvartalet-verftet-i-bergen-er-formelt-i-boks-haaper-aa-bygge-i-2025?fbclid=IwAR21bjF1n2PL8IH_zPO293NGViC-AmgCpEfMIvlpuIJnYUCVE3AnFpOQoSw_aem_ATZF6xkradodR8qvTThkH-_0qIdCPJJZdcmam03tbwKP9VIsriF9GWIzf6dx3YU2iu9q_NMxevwknqn2H26Hm0GL\" data-sider-select-id=\"99cc0553-3770-4185-83b4-bee2e166a0ec\">Les mer<\/a><br \/>[Kilde: <a href=\"https:\/\/www.bt.no\/\">bt.no<\/a>]<\/p>\t\t\t\t\t\t\t\t<\/div>\n\t\t\t\t<\/div>\n\t\t\t\t\t<\/div>\n\t\t<\/div>\n\t\t\t\t\t<\/div>\n\t\t<\/section>\n\t\t\t\t<\/div>\n\t\t","protected":false},"excerpt":{"rendered":"<p>Kulturkvartalet p\u00e5 verftet \u00f8nsker \u00e5 bli best i klassen. M\u00e5let er \u00e5 starte bygging i 2025. \u2013 Dette er en veldig spesiell dag, en historisk dag. Vi startet en lang og krokete prosess for fem \u00e5r siden, og endelig har vi samlet oss her p\u00e5 Verftet med kjempegode partnere. Det er n\u00e5 arbeidet starter, proklamerer [&hellip;]<\/p>\n","protected":false},"author":5,"featured_media":12626,"comment_status":"closed","ping_status":"closed","sticky":false,"template":"","format":"standard","meta":{"footnotes":""},"categories":[74,2,3],"tags":[],"class_list":["post-12613","post","type-post","status-publish","format-standard","has-post-thumbnail","hentry","category-frontpage","category-news","category-property-news"],"_links":{"self":[{"href":"https:\/\/egd.no\/en\/wp-json\/wp\/v2\/posts\/12613","targetHints":{"allow":["GET"]}}],"collection":[{"href":"https:\/\/egd.no\/en\/wp-json\/wp\/v2\/posts"}],"about":[{"href":"https:\/\/egd.no\/en\/wp-json\/wp\/v2\/types\/post"}],"author":[{"embeddable":true,"href":"https:\/\/egd.no\/en\/wp-json\/wp\/v2\/users\/5"}],"replies":[{"embeddable":true,"href":"https:\/\/egd.no\/en\/wp-json\/wp\/v2\/comments?post=12613"}],"version-history":[{"count":16,"href":"https:\/\/egd.no\/en\/wp-json\/wp\/v2\/posts\/12613\/revisions"}],"predecessor-version":[{"id":12696,"href":"https:\/\/egd.no\/en\/wp-json\/wp\/v2\/posts\/12613\/revisions\/12696"}],"wp:featuredmedia":[{"embeddable":true,"href":"https:\/\/egd.no\/en\/wp-json\/wp\/v2\/media\/12626"}],"wp:attachment":[{"href":"https:\/\/egd.no\/en\/wp-json\/wp\/v2\/media?parent=12613"}],"wp:term":[{"taxonomy":"category","embeddable":true,"href":"https:\/\/egd.no\/en\/wp-json\/wp\/v2\/categories?post=12613"},{"taxonomy":"post_tag","embeddable":true,"href":"https:\/\/egd.no\/en\/wp-json\/wp\/v2\/tags?post=12613"}],"curies":[{"name":"wp","href":"https:\/\/api.w.org\/{rel}","templated":true}]}}